{"id":8002,"date":"2026-08-03T11:24:42","date_gmt":"2026-08-03T09:24:42","guid":{"rendered":"https:\/\/barbecuechef.fr\/blog\/actualites-et-evenements\/barbecue-interdit-7-massifs-du-var-fermes-ce-lundi-ce-que-dit-vraiment\/"},"modified":"2026-08-03T11:24:42","modified_gmt":"2026-08-03T09:24:42","slug":"barbecue-interdit-7-massifs-du-var-fermes-ce-lundi-ce-que-dit-vraiment","status":"publish","type":"post","link":"https:\/\/barbecuechef.fr\/blog\/actualites-et-evenements\/barbecue-interdit-7-massifs-du-var-fermes-ce-lundi-ce-que-dit-vraiment\/","title":{"rendered":"Barbecue interdit ? 7 massifs du Var ferm\u00e9s ce lundi : ce que dit vraiment la loi cet \u00e9t\u00e9"},"content":{"rendered":"<p style=\"font-size:18px;line-height:1.65;color:#1a1a1a;\"><strong>Sept massifs forestiers du Var sont ferm\u00e9s au public ce lundi 3 ao\u00fbt, le risque incendie \u00e9tant class\u00e9 \u00ab tr\u00e8s s\u00e9v\u00e8re \u00bb \u2014 et samedi, c&rsquo;\u00e9tait la totalit\u00e9 des massifs du d\u00e9partement, en risque \u00ab extr\u00eame \u00bb.<\/strong> Dans ce contexte, la question que se posent des milliers de vacanciers est tr\u00e8s concr\u00e8te : a-t-on encore le droit d&rsquo;allumer un barbecue ? La r\u00e9ponse tient en une r\u00e8gle de distance, une carte \u00e0 consulter chaque jour, et des sanctions que peu de gens connaissent. Faisons le point, pr\u00e9cis\u00e9ment.<\/p>\n<div style=\"background:#FDF0E7;border:1px solid #C2410C33;border-radius:14px;padding:20px 24px;margin:26px 0;font-family:-apple-system,BlinkMacSystemFont,'Segoe UI',Roboto,sans-serif;\">\n<div style=\"font-size:12px;font-weight:800;letter-spacing:.14em;text-transform:uppercase;color:#C2410C;margin-bottom:12px;\">\u26a1 En bref<\/div>\n<ul style=\"margin:0;padding:0;list-style:none;font-size:15.5px;color:#1a1a1a;\">\n<li style=\"margin:0 0 8px;padding-left:24px;position:relative;line-height:1.5;\"><span style=\"position:absolute;left:0;color:#C2410C;font-weight:800;\">\u25b8<\/span><strong>7 massifs varois ferm\u00e9s ce lundi<\/strong> : Sainte-Baume, Haut-Var, Les Maures, Corniche des Maures, Est\u00e9rel, \u00celes d&rsquo;Hy\u00e8res et Centre-Var.<\/li>\n<li style=\"margin:0 0 8px;padding-left:24px;position:relative;line-height:1.5;\"><span style=\"position:absolute;left:0;color:#C2410C;font-weight:800;\">\u25b8<\/span>La r\u00e8gle de base du code forestier : <strong>interdiction d&rsquo;apporter ou d&rsquo;allumer du feu<\/strong> dans les bois, for\u00eats, landes, maquis et garrigues \u2014 et <strong>jusqu&rsquo;\u00e0 200 m\u00e8tres<\/strong> autour, sauf si vous \u00eates le propri\u00e9taire du terrain.<\/li>\n<li style=\"margin:0 0 8px;padding-left:24px;position:relative;line-height:1.5;\"><span style=\"position:absolute;left:0;color:#C2410C;font-weight:800;\">\u25b8<\/span>Sanctions : <strong>135 \u20ac<\/strong> d&rsquo;amende forfaitaire, jusqu&rsquo;\u00e0 <strong>750 \u20ac<\/strong>. Si un feu part, la facture change de nature : jusqu&rsquo;\u00e0 <strong>2 ans de prison et 30 000 \u20ac<\/strong>, m\u00eame sans intention.<\/li>\n<li style=\"margin:0 0 8px;padding-left:24px;position:relative;line-height:1.5;\"><span style=\"position:absolute;left:0;color:#C2410C;font-weight:800;\">\u25b8<\/span><strong>9 feux de for\u00eat sur 10 sont d&rsquo;origine humaine<\/strong>, rappelle la pr\u00e9fecture du Var \u2014 m\u00e9got, barbecue, \u00e9tincelle d&rsquo;une meuleuse ou d&rsquo;une d\u00e9broussailleuse.<\/li>\n<\/ul>\n<\/div>\n<div style=\"display:flex;flex-wrap:wrap;gap:12px;margin:24px 0;\">\n<div style=\"flex:1;min-width:120px;background:#fff;border:1px solid #e6e8ee;border-top:3px solid #C2410C;border-radius:12px;padding:16px 18px;text-align:center;\">\n<div style=\"font-size:26px;font-weight:800;color:#C2410C;line-height:1.1;letter-spacing:-.01em;\">7<\/div>\n<div style=\"font-size:12.5px;color:#667085;margin-top:6px;line-height:1.3;\">massifs forestiers du Var ferm\u00e9s au public ce lundi 3 ao\u00fbt<\/div>\n<\/div>\n<div style=\"flex:1;min-width:120px;background:#fff;border:1px solid #e6e8ee;border-top:3px solid #C2410C;border-radius:12px;padding:16px 18px;text-align:center;\">\n<div style=\"font-size:26px;font-weight:800;color:#C2410C;line-height:1.1;letter-spacing:-.01em;\">200 m<\/div>\n<div style=\"font-size:12.5px;color:#667085;margin-top:6px;line-height:1.3;\">la distance autour des bois et for\u00eats o\u00f9 le feu est interdit<\/div>\n<\/div>\n<div style=\"flex:1;min-width:120px;background:#fff;border:1px solid #e6e8ee;border-top:3px solid #C2410C;border-radius:12px;padding:16px 18px;text-align:center;\">\n<div style=\"font-size:26px;font-weight:800;color:#C2410C;line-height:1.1;letter-spacing:-.01em;\">135 \u20ac \u2192 750 \u20ac<\/div>\n<div style=\"font-size:12.5px;color:#667085;margin-top:6px;line-height:1.3;\">amende forfaitaire, puis montant maximal devant le tribunal<\/div>\n<\/div>\n<div style=\"flex:1;min-width:120px;background:#fff;border:1px solid #e6e8ee;border-top:3px solid #C2410C;border-radius:12px;padding:16px 18px;text-align:center;\">\n<div style=\"font-size:26px;font-weight:800;color:#C2410C;line-height:1.1;letter-spacing:-.01em;\">9 sur 10<\/div>\n<div style=\"font-size:12.5px;color:#667085;margin-top:6px;line-height:1.3;\">feux de for\u00eat d&rsquo;origine humaine, selon la pr\u00e9fecture du Var<\/div>\n<\/div>\n<\/div>\n<h2 style=\"font-size:24px;line-height:1.25;margin:36px 0 14px;letter-spacing:-.01em;color:#1a1a1a;font-weight:800;\">La r\u00e8gle des 200 m\u00e8tres, celle que presque personne ne conna\u00eet<\/h2>\n<p style=\"font-size:16.5px;line-height:1.7;color:#2a2a2a;margin:0 0 16px;\">Le code forestier interdit \u00e0 toute personne autre que le propri\u00e9taire du terrain \u2014 ou son ayant droit \u2014 d&rsquo;<strong>allumer ou d&rsquo;apporter du feu<\/strong> dans les bois, for\u00eats, plantations, reboisements, landes, maquis et garrigues, <strong>ainsi que jusqu&rsquo;\u00e0 200 m\u00e8tres de ces espaces<\/strong>. La m\u00eame r\u00e8gle vaut pour la cigarette.<\/p>\n<p style=\"font-size:16.5px;line-height:1.7;color:#2a2a2a;margin:0 0 16px;\">Traduction pour votre soir\u00e9e : un barbecue sur une aire de pique-nique en lisi\u00e8re de pin\u00e8de est ill\u00e9gal, m\u00eame s&rsquo;il y a un point d&rsquo;eau \u00e0 c\u00f4t\u00e9 et m\u00eame si personne ne vous regarde. En revanche, sur votre propre terrain, vous restez en principe autoris\u00e9 \u2014 <u>sauf<\/u> si un arr\u00eat\u00e9 pr\u00e9fectoral vient restreindre ou suspendre cette possibilit\u00e9, ce qui est le cas dans une bonne partie du Sud pendant la saison estivale.<\/p>\n<p style=\"font-size:16.5px;line-height:1.7;color:#2a2a2a;margin:0 0 16px;\">C&rsquo;est le point \u00e0 retenir : la loi nationale fixe le plancher, mais c&rsquo;est <strong>l&rsquo;arr\u00eat\u00e9 pr\u00e9fectoral de votre d\u00e9partement<\/strong> qui fait foi au jour le jour. Dans les zones les plus expos\u00e9es, il peut interdire le barbecue y compris chez soi, encadrer les travaux g\u00e9n\u00e9rant des \u00e9tincelles, voire fermer purement et simplement l&rsquo;acc\u00e8s aux massifs.<\/p>\n<div style=\"border:1px solid #e6e8ee;border-radius:14px;padding:16px 18px;margin:22px 0;background:#fafbfc;font-family:-apple-system,BlinkMacSystemFont,'Segoe UI',Roboto,sans-serif;\">\n<div style=\"display:flex;align-items:center;gap:8px;margin-bottom:10px;\"><span style=\"font-size:11px;font-weight:800;letter-spacing:.06em;color:#fff;background:#FF0000;padding:3px 9px;border-radius:6px;\">\u25b6 YouTube<\/span><span style=\"font-size:13px;color:#667085;font-weight:600;\">BFMTV<\/span><span style=\"margin-left:auto;font-size:13px;color:#667085;white-space:nowrap;\">16 080 vues<\/span><\/div>\n<p><a href=\"https:\/\/www.youtube.com\/watch?v=RSx6cJC_oZM\" target=\"_blank\" rel=\"noopener nofollow\" style=\"display:block;position:relative;border-radius:10px;overflow:hidden;text-decoration:none;\"><img decoding=\"async\" src=\"https:\/\/i.ytimg.com\/vi\/RSx6cJC_oZM\/hqdefault.jpg\" alt=\"Incendie dans le Var : le feu reprend entre Correns et Montfort-sur-Argens\" style=\"width:100%;display:block;\"><span style=\"position:absolute;inset:0;display:flex;align-items:center;justify-content:center;background:rgba(0,0,0,.18);\"><span style=\"width:62px;height:62px;border-radius:50%;background:rgba(255,0,0,.92);display:flex;align-items:center;justify-content:center;color:#fff;font-size:24px;\">\u25b6<\/span><\/span><\/a><\/p>\n<div style=\"font-size:14px;color:#1a1a1a;font-weight:600;margin-top:10px;\">Incendie dans le Var : le feu reprend entre Correns et Montfort-sur-Argens<\/div>\n<\/div>\n<blockquote style=\"margin:28px 0;padding:20px 26px;border-left:4px solid #C2410C;background:#FDF0E7;border-radius:0 12px 12px 0;font-size:19px;line-height:1.5;font-style:italic;color:#1a1a1a;\"><p>\u00ab Neuf feux de for\u00eat sur dix partent d&rsquo;une action humaine : un feu ou un barbecue \u00e0 proximit\u00e9 d&rsquo;une for\u00eat, une cigarette jet\u00e9e par la fen\u00eatre d&rsquo;un v\u00e9hicule, des travaux g\u00e9n\u00e9rant des \u00e9tincelles. \u00bb<\/p>\n<div style=\"font-size:13px;color:#667085;margin-top:10px;font-style:normal;\">\u2014 Pr\u00e9fecture du Var, rappel des consignes, ao\u00fbt 2026<\/div>\n<\/blockquote>\n<h2 style=\"font-size:24px;line-height:1.25;margin:36px 0 14px;letter-spacing:-.01em;color:#1a1a1a;font-weight:800;\">La carte quotidienne : le r\u00e9flexe \u00e0 prendre avant de partir<\/h2>\n<p style=\"font-size:16.5px;line-height:1.7;color:#2a2a2a;margin:0 0 16px;\">Dans le Var, l&rsquo;acc\u00e8s aux massifs est r\u00e9\u00e9valu\u00e9 <strong>tous les jours<\/strong>, en fonction de la s\u00e9cheresse de la v\u00e9g\u00e9tation et du vent. La pr\u00e9fecture publie une carte d&rsquo;acc\u00e8s actualis\u00e9e <strong>chaque jour avant <strong>19 h<\/strong>eures pour le lendemain<\/strong>, sur <a href=\"https:\/\/www.var.gouv.fr\/Actions-de-l-Etat\/Foret\/Fermeture-des-massifs-en-ete\/Carte-d-acces-aux-massifs-du-Var\" target=\"_blank\" rel=\"noopener nofollow\">le site des services de l&rsquo;\u00c9tat<\/a>, et la relaie sur ses comptes sociaux.<\/p>\n<p style=\"font-size:16.5px;line-height:1.7;color:#2a2a2a;margin:0 0 16px;\">Le principe est un code couleur par massif, du vert (acc\u00e8s libre) au rouge et au noir (massif ferm\u00e9, pr\u00e9sence interdite), avec des niveaux interm\u00e9diaires qui n&rsquo;autorisent l&rsquo;acc\u00e8s que sur une plage horaire matinale. Samedi 1<sup>er<\/sup> ao\u00fbt, l&rsquo;ensemble du d\u00e9partement \u00e9tait ferm\u00e9 pour risque \u00ab extr\u00eame \u00bb ; ce lundi, sept massifs restent ferm\u00e9s en risque \u00ab tr\u00e8s s\u00e9v\u00e8re \u00bb. La couleur peut changer d&rsquo;un jour \u00e0 l&rsquo;autre : celle d&rsquo;hier ne vous renseigne pas.<\/p>\n<p style=\"font-size:16.5px;line-height:1.7;color:#2a2a2a;margin:0 0 16px;\">Les autres d\u00e9partements m\u00e9diterran\u00e9ens fonctionnent sur le m\u00eame principe, avec chacun leur carte \u2014 Bouches-du-Rh\u00f4ne, Alpes-Maritimes, H\u00e9rault, Gard, Corse. Le r\u00e9flexe vaut aussi pour une simple randonn\u00e9e : la fermeture ne vise pas que les barbecues, elle interdit la <strong>pr\u00e9sence et la circulation<\/strong> dans le massif.<\/p>\n<h2 style=\"font-size:24px;line-height:1.25;margin:36px 0 14px;letter-spacing:-.01em;color:#1a1a1a;font-weight:800;\">Ce que vous risquez vraiment, chiffres \u00e0 l&rsquo;appui<\/h2>\n<p style=\"font-size:16.5px;line-height:1.7;color:#2a2a2a;margin:0 0 16px;\">Deux niveaux de sanction coexistent, et la diff\u00e9rence entre les deux est \u00e9norme.<\/p>\n<p style=\"font-size:16.5px;line-height:1.7;color:#2a2a2a;margin:0 0 16px;\">Premier niveau, l&rsquo;infraction seule : allumer un feu \u00e0 moins de 200 m\u00e8tres d&rsquo;un bois, jeter un m\u00e9got, ne pas respecter un arr\u00eat\u00e9 pr\u00e9fectoral. C&rsquo;est une <strong>contravention de 4<sup>e<\/sup> classe<\/strong> \u2014 amende forfaitaire de <strong><strong>135 \u20ac<\/strong><\/strong>, major\u00e9e \u00e0 <strong>375 \u20ac<\/strong> en cas de retard, et jusqu&rsquo;\u00e0 <strong><strong>750 \u20ac<\/strong><\/strong> devant le tribunal.<\/p>\n<p style=\"font-size:16.5px;line-height:1.7;color:#2a2a2a;margin:0 0 16px;\">Second niveau, si un incendie se d\u00e9clenche : on bascule au p\u00e9nal. Le code forestier pr\u00e9voit jusqu&rsquo;\u00e0 <strong><strong>2 ans<\/strong> d&#8217;emprisonnement et <strong>30 000 \u20ac<\/strong> d&rsquo;amende<\/strong> pour un incendie caus\u00e9 <u>involontairement<\/u> \u2014 le texte vise explicitement le m\u00e9got abandonn\u00e9 depuis 2023 \u2014 et jusqu&rsquo;\u00e0 <strong><strong>3 ans<\/strong> et <strong>45 000 \u20ac<\/strong><\/strong> en cas de violation d\u00e9lib\u00e9r\u00e9e d&rsquo;une obligation de s\u00e9curit\u00e9. S&rsquo;y ajoutent les dommages civils, sans plafond.<\/p>\n<h2 style=\"font-size:24px;line-height:1.25;margin:36px 0 14px;letter-spacing:-.01em;color:#1a1a1a;font-weight:800;\">Le d\u00e9broussaillement : l&rsquo;obligation que les propri\u00e9taires oublient<\/h2>\n<p style=\"font-size:16.5px;line-height:1.7;color:#2a2a2a;margin:0 0 16px;\">Si vous poss\u00e9dez une maison dans un d\u00e9partement expos\u00e9, les <strong>obligations l\u00e9gales de d\u00e9broussaillement<\/strong> (OLD) vous concernent, et elles ne sont pas facultatives. Le principe : d\u00e9gager la v\u00e9g\u00e9tation sur un rayon de <strong>50 m\u00e8tres autour de la maison<\/strong>, mesur\u00e9 depuis chaque mur ext\u00e9rieur.<\/p>\n<p style=\"font-size:16.5px;line-height:1.7;color:#2a2a2a;margin:0 0 16px;\">Deux subtilit\u00e9s que beaucoup d\u00e9couvrent trop tard. D&rsquo;abord, cette zone s&rsquo;applique <u>m\u00eame si elle d\u00e9passe les limites de votre parcelle<\/u> : vous devez alors intervenir sur le terrain voisin, apr\u00e8s l&rsquo;en avoir inform\u00e9 par lettre recommand\u00e9e. Ensuite, le maire peut <strong>\u00e9tendre l&rsquo;obligation \u00e0 100 m\u00e8tres<\/strong> par arr\u00eat\u00e9 municipal dans les secteurs \u00e0 tr\u00e8s fort risque.<\/p>\n<p style=\"font-size:16.5px;line-height:1.7;color:#2a2a2a;margin:0 0 16px;\">D\u00e9broussailler ne veut pas dire raser : il s&rsquo;agit de rompre la continuit\u00e9 entre les v\u00e9g\u00e9taux \u2014 \u00e9claircir les arbres, supprimer les branches basses, retirer les broussailles et le bois mort. En cas de manquement, la sanction peut atteindre <strong><strong>50 \u20ac<\/strong> par m\u00e8tre carr\u00e9<\/strong> non d\u00e9broussaill\u00e9, et une mise en demeure assortie d&rsquo;astreintes.<\/p>\n<h2 style=\"font-size:24px;line-height:1.25;margin:36px 0 14px;letter-spacing:-.01em;color:#1a1a1a;font-weight:800;\">Alors, on grille quoi ce soir ?<\/h2>\n<p style=\"font-size:16.5px;line-height:1.7;color:#2a2a2a;margin:0 0 16px;\">Si vous \u00eates en zone m\u00e9diterran\u00e9enne cet \u00e9t\u00e9, la r\u00e9ponse raisonnable est : <strong>en int\u00e9rieur, \u00e0 la plancha \u00e9lectrique ou au gaz<\/strong>, plut\u00f4t qu&rsquo;au charbon en ext\u00e9rieur. Le gaz et l&rsquo;\u00e9lectrique ne produisent pas de braises volantes \u2014 c&rsquo;est exactement le risque que visent les arr\u00eat\u00e9s.<\/p>\n<p style=\"font-size:16.5px;line-height:1.7;color:#2a2a2a;margin:0 0 16px;\">Si vous maintenez un barbecue au charbon sur votre terrain, en dehors de toute interdiction locale : installez-le \u00e0 l&rsquo;abri du vent et loin de toute v\u00e9g\u00e9tation s\u00e8che, gardez un point d&rsquo;eau ou un extincteur \u00e0 port\u00e9e, ne quittez jamais le foyer des yeux, et surtout <strong>noyez les cendres \u00e0 l&rsquo;eau<\/strong> avant de les jeter \u2014 pas dans un sac plastique ni dans un bac v\u00e9g\u00e9tal. Des braises peuvent rester actives plus de <strong>24 h<\/strong>eures.<\/p>\n<p style=\"font-size:16.5px;line-height:1.7;color:#2a2a2a;margin:0 0 16px;\">Et en cas de d\u00e9part de feu, un seul num\u00e9ro : <strong>18<\/strong> ou <strong>112<\/strong>. Chaque minute compte, et signaler t\u00f4t un feu naissant n&rsquo;expose \u00e0 aucune sanction \u2014 c&rsquo;est le contraire qui en vaut une.<\/p>\n<div style=\"background:#1a1a1a;border-radius:14px;padding:22px 26px;margin:30px 0 8px;font-family:-apple-system,BlinkMacSystemFont,'Segoe UI',Roboto,sans-serif;\">\n<div style=\"font-size:12px;font-weight:800;letter-spacing:.16em;text-transform:uppercase;color:#C2410C;margin-bottom:8px;\">\ud83c\udfaf \u00c0 retenir<\/div>\n<div style=\"font-size:17px;line-height:1.6;color:#f0f0f0;\">La r\u00e8gle \u00e0 m\u00e9moriser : pas de feu \u00e0 moins de 200 m\u00e8tres d&rsquo;un bois, et la carte pr\u00e9fectorale du jour avant toute sortie \u2014 dans le Var, elle est mise \u00e0 jour chaque soir avant 19 heures pour le lendemain.<\/div>\n<\/div>\n","protected":false},"excerpt":{"rendered":"","protected":false},"author":39,"featured_media":8003,"comment_status":"open","ping_status":"open","sticky":false,"template":"","format":"standard","meta":{"_acf_changed":false,"manual_indexmenow":false,"indexmenow_id_project":0,"footnotes":""},"categories":[4524],"tags":[],"class_list":["post-8002","post","type-post","status-publish","format-standard","has-post-thumbnail","hentry","category-actualites-et-evenements","generate-columns","tablet-grid-50","mobile-grid-100","grid-parent","grid-25"],"acf":[],"yoast_head":"<!-- This site is optimized with the Yoast SEO Premium plugin v21.3 (Yoast SEO v27.3) - https:\/\/yoast.com\/product\/yoast-seo-premium-wordpress\/ -->\n<title>Barbecue interdit ? 7 massifs du Var ferm\u00e9s ce lundi : ce que dit vraiment la loi cet \u00e9t\u00e9<\/title>\n<meta name=\"description\" content=\"Sept massifs forestiers du Var sont ferm\u00e9s au public ce lundi 3 ao\u00fbt, le risque incendie \u00e9tant class\u00e9 \u00ab tr\u00e8s s\u00e9v\u00e8re \u00bb \u2014 et samedi, c&#039;\u00e9tait la totalit\u00e9 des\" \/>\n<meta name=\"robots\" content=\"index, follow, max-snippet:-1, max-image-preview:large, max-video-preview:-1\" \/>\n<link rel=\"canonical\" href=\"https:\/\/barbecuechef.fr\/blog\/actualites-et-evenements\/barbecue-interdit-7-massifs-du-var-fermes-ce-lundi-ce-que-dit-vraiment\/\" \/>\n<meta property=\"og:locale\" content=\"fr_FR\" \/>\n<meta property=\"og:type\" content=\"article\" \/>\n<meta property=\"og:title\" content=\"Barbecue interdit ? 7 massifs du Var ferm\u00e9s ce lundi : ce que dit vraiment la loi cet \u00e9t\u00e9\" \/>\n<meta property=\"og:description\" content=\"Sept massifs forestiers du Var sont ferm\u00e9s au public ce lundi 3 ao\u00fbt, le risque incendie \u00e9tant class\u00e9 \u00ab tr\u00e8s s\u00e9v\u00e8re \u00bb \u2014 et samedi, c&#039;\u00e9tait la totalit\u00e9 des\" \/>\n<meta property=\"og:url\" content=\"https:\/\/barbecuechef.fr\/blog\/actualites-et-evenements\/barbecue-interdit-7-massifs-du-var-fermes-ce-lundi-ce-que-dit-vraiment\/\" \/>\n<meta property=\"og:site_name\" content=\"barbecuechef\" \/>\n<meta property=\"og:image\" content=\"https:\/\/i.ytimg.com\/vi\/RSx6cJC_oZM\/hqdefault.jpg\" \/>\n<meta name=\"author\" content=\"Julien Lefevre\" \/>\n<meta name=\"twitter:card\" content=\"summary_large_image\" \/>\n<script type=\"application\/ld+json\" class=\"yoast-schema-graph\">{\"@context\":\"https:\\\/\\\/schema.org\",\"@graph\":[{\"@type\":\"NewsArticle\",\"@id\":\"https:\\\/\\\/barbecuechef.fr\\\/blog\\\/actualites-et-evenements\\\/barbecue-interdit-7-massifs-du-var-fermes-ce-lundi-ce-que-dit-vraiment\\\/#article\",\"isPartOf\":{\"@id\":\"https:\\\/\\\/barbecuechef.fr\\\/blog\\\/actualites-et-evenements\\\/barbecue-interdit-7-massifs-du-var-fermes-ce-lundi-ce-que-dit-vraiment\\\/\"},\"author\":{\"name\":\"Julien Lefevre\",\"@id\":\"https:\\\/\\\/barbecuechef.fr\\\/blog\\\/#\\\/schema\\\/person\\\/eb9cf7384d44000cc7d4d66625e3b732\"},\"headline\":\"Barbecue interdit ? 7 massifs du Var ferm\u00e9s ce lundi : ce que dit vraiment la loi cet \u00e9t\u00e9\",\"datePublished\":\"2026-08-03T09:24:42+00:00\",\"mainEntityOfPage\":{\"@id\":\"https:\\\/\\\/barbecuechef.fr\\\/blog\\\/actualites-et-evenements\\\/barbecue-interdit-7-massifs-du-var-fermes-ce-lundi-ce-que-dit-vraiment\\\/\"},\"wordCount\":1281,\"commentCount\":0,\"publisher\":{\"@id\":\"https:\\\/\\\/barbecuechef.fr\\\/blog\\\/#organization\"},\"image\":{\"@id\":\"https:\\\/\\\/barbecuechef.fr\\\/blog\\\/actualites-et-evenements\\\/barbecue-interdit-7-massifs-du-var-fermes-ce-lundi-ce-que-dit-vraiment\\\/#primaryimage\"},\"thumbnailUrl\":\"https:\\\/\\\/barbecuechef.fr\\\/blog\\\/wp-content\\\/uploads\\\/2026\\\/08\\\/pexels_barbecuechef_fr_8002_18299586-scaled.jpg\",\"articleSection\":[\"Actualit\u00e9s et \u00c9v\u00e9nements\"],\"inLanguage\":\"fr-FR\",\"potentialAction\":[{\"@type\":\"CommentAction\",\"name\":\"Comment\",\"target\":[\"https:\\\/\\\/barbecuechef.fr\\\/blog\\\/actualites-et-evenements\\\/barbecue-interdit-7-massifs-du-var-fermes-ce-lundi-ce-que-dit-vraiment\\\/#respond\"]}]},{\"@type\":\"WebPage\",\"@id\":\"https:\\\/\\\/barbecuechef.fr\\\/blog\\\/actualites-et-evenements\\\/barbecue-interdit-7-massifs-du-var-fermes-ce-lundi-ce-que-dit-vraiment\\\/\",\"url\":\"https:\\\/\\\/barbecuechef.fr\\\/blog\\\/actualites-et-evenements\\\/barbecue-interdit-7-massifs-du-var-fermes-ce-lundi-ce-que-dit-vraiment\\\/\",\"name\":\"Barbecue interdit ? 7 massifs du Var ferm\u00e9s ce lundi : ce que dit vraiment la loi cet \u00e9t\u00e9\",\"isPartOf\":{\"@id\":\"https:\\\/\\\/barbecuechef.fr\\\/blog\\\/#website\"},\"primaryImageOfPage\":{\"@id\":\"https:\\\/\\\/barbecuechef.fr\\\/blog\\\/actualites-et-evenements\\\/barbecue-interdit-7-massifs-du-var-fermes-ce-lundi-ce-que-dit-vraiment\\\/#primaryimage\"},\"image\":{\"@id\":\"https:\\\/\\\/barbecuechef.fr\\\/blog\\\/actualites-et-evenements\\\/barbecue-interdit-7-massifs-du-var-fermes-ce-lundi-ce-que-dit-vraiment\\\/#primaryimage\"},\"thumbnailUrl\":\"https:\\\/\\\/barbecuechef.fr\\\/blog\\\/wp-content\\\/uploads\\\/2026\\\/08\\\/pexels_barbecuechef_fr_8002_18299586-scaled.jpg\",\"datePublished\":\"2026-08-03T09:24:42+00:00\",\"description\":\"Sept massifs forestiers du Var sont ferm\u00e9s au public ce lundi 3 ao\u00fbt, le risque incendie \u00e9tant class\u00e9 \u00ab tr\u00e8s s\u00e9v\u00e8re \u00bb \u2014 et samedi, c'\u00e9tait la totalit\u00e9 des\",\"inLanguage\":\"fr-FR\",\"potentialAction\":[{\"@type\":\"ReadAction\",\"target\":[\"https:\\\/\\\/barbecuechef.fr\\\/blog\\\/actualites-et-evenements\\\/barbecue-interdit-7-massifs-du-var-fermes-ce-lundi-ce-que-dit-vraiment\\\/\"]}]},{\"@type\":\"ImageObject\",\"inLanguage\":\"fr-FR\",\"@id\":\"https:\\\/\\\/barbecuechef.fr\\\/blog\\\/actualites-et-evenements\\\/barbecue-interdit-7-massifs-du-var-fermes-ce-lundi-ce-que-dit-vraiment\\\/#primaryimage\",\"url\":\"https:\\\/\\\/barbecuechef.fr\\\/blog\\\/wp-content\\\/uploads\\\/2026\\\/08\\\/pexels_barbecuechef_fr_8002_18299586-scaled.jpg\",\"contentUrl\":\"https:\\\/\\\/barbecuechef.fr\\\/blog\\\/wp-content\\\/uploads\\\/2026\\\/08\\\/pexels_barbecuechef_fr_8002_18299586-scaled.jpg\",\"width\":1200,\"height\":750,\"caption\":\"Close-up of glowing coals in a grill, highlighting the intense heat and vibrant colors.\"},{\"@type\":\"WebSite\",\"@id\":\"https:\\\/\\\/barbecuechef.fr\\\/blog\\\/#website\",\"url\":\"https:\\\/\\\/barbecuechef.fr\\\/blog\\\/\",\"name\":\"Barbecue Chef\",\"description\":\"Barbecue Chef, l&#039;art du grill ma\u00eetris\u00e9\",\"publisher\":{\"@id\":\"https:\\\/\\\/barbecuechef.fr\\\/blog\\\/#organization\"},\"alternateName\":\"Barbecue Chef, l'art du grill ma\u00eetris\u00e9\",\"potentialAction\":[{\"@type\":\"SearchAction\",\"target\":{\"@type\":\"EntryPoint\",\"urlTemplate\":\"https:\\\/\\\/barbecuechef.fr\\\/blog\\\/?s={search_term_string}\"},\"query-input\":{\"@type\":\"PropertyValueSpecification\",\"valueRequired\":true,\"valueName\":\"search_term_string\"}}],\"inLanguage\":\"fr-FR\"},{\"@type\":\"Organization\",\"@id\":\"https:\\\/\\\/barbecuechef.fr\\\/blog\\\/#organization\",\"name\":\"Barbecue Chef\",\"alternateName\":\"Barbecue Chef Magazine\",\"url\":\"https:\\\/\\\/barbecuechef.fr\\\/blog\\\/\",\"logo\":{\"@type\":\"ImageObject\",\"inLanguage\":\"fr-FR\",\"@id\":\"https:\\\/\\\/barbecuechef.fr\\\/blog\\\/#\\\/schema\\\/logo\\\/image\\\/\",\"url\":\"https:\\\/\\\/barbecuechef.fr\\\/blog\\\/wp-content\\\/uploads\\\/2024\\\/12\\\/22.png\",\"contentUrl\":\"https:\\\/\\\/barbecuechef.fr\\\/blog\\\/wp-content\\\/uploads\\\/2024\\\/12\\\/22.png\",\"width\":500,\"height\":500,\"caption\":\"Barbecue Chef\"},\"image\":{\"@id\":\"https:\\\/\\\/barbecuechef.fr\\\/blog\\\/#\\\/schema\\\/logo\\\/image\\\/\"}},{\"@type\":\"Person\",\"@id\":\"https:\\\/\\\/barbecuechef.fr\\\/blog\\\/#\\\/schema\\\/person\\\/eb9cf7384d44000cc7d4d66625e3b732\",\"name\":\"Julien Lefevre\",\"image\":{\"@type\":\"ImageObject\",\"inLanguage\":\"fr-FR\",\"@id\":\"https:\\\/\\\/secure.gravatar.com\\\/avatar\\\/?s=96&d=mm&r=g\",\"url\":\"https:\\\/\\\/secure.gravatar.com\\\/avatar\\\/?s=96&d=mm&r=g\",\"contentUrl\":\"https:\\\/\\\/secure.gravatar.com\\\/avatar\\\/?s=96&d=mm&r=g\",\"caption\":\"Julien Lefevre\"},\"description\":\"Julien Lef\u00e8vre est chef cuisinier sp\u00e9cialis\u00e9 dans la cuisine en plein air et passionn\u00e9 de barbecue depuis plus de 10 ans. Il partage ses recettes innovantes et ses astuces de cuisson sur barbecuechef.fr pour aider les amateurs \u00e0 ma\u00eetriser l'art du grill.\",\"url\":\"https:\\\/\\\/barbecuechef.fr\\\/blog\\\/auteur\\\/julien-lefevre\\\/\"}]}<\/script>\n<!-- \/ Yoast SEO Premium plugin. -->","yoast_head_json":{"title":"Barbecue interdit ? 7 massifs du Var ferm\u00e9s ce lundi : ce que dit vraiment la loi cet \u00e9t\u00e9","description":"Sept massifs forestiers du Var sont ferm\u00e9s au public ce lundi 3 ao\u00fbt, le risque incendie \u00e9tant class\u00e9 \u00ab tr\u00e8s s\u00e9v\u00e8re \u00bb \u2014 et samedi, c'\u00e9tait la totalit\u00e9 des","robots":{"index":"index","follow":"follow","max-snippet":"max-snippet:-1","max-image-preview":"max-image-preview:large","max-video-preview":"max-video-preview:-1"},"canonical":"https:\/\/barbecuechef.fr\/blog\/actualites-et-evenements\/barbecue-interdit-7-massifs-du-var-fermes-ce-lundi-ce-que-dit-vraiment\/","og_locale":"fr_FR","og_type":"article","og_title":"Barbecue interdit ? 7 massifs du Var ferm\u00e9s ce lundi : ce que dit vraiment la loi cet \u00e9t\u00e9","og_description":"Sept massifs forestiers du Var sont ferm\u00e9s au public ce lundi 3 ao\u00fbt, le risque incendie \u00e9tant class\u00e9 \u00ab tr\u00e8s s\u00e9v\u00e8re \u00bb \u2014 et samedi, c'\u00e9tait la totalit\u00e9 des","og_url":"https:\/\/barbecuechef.fr\/blog\/actualites-et-evenements\/barbecue-interdit-7-massifs-du-var-fermes-ce-lundi-ce-que-dit-vraiment\/","og_site_name":"barbecuechef","og_image":[{"url":"https:\/\/i.ytimg.com\/vi\/RSx6cJC_oZM\/hqdefault.jpg","type":"","width":"","height":""}],"author":"Julien Lefevre","twitter_card":"summary_large_image","schema":{"@context":"https:\/\/schema.org","@graph":[{"@type":"NewsArticle","@id":"https:\/\/barbecuechef.fr\/blog\/actualites-et-evenements\/barbecue-interdit-7-massifs-du-var-fermes-ce-lundi-ce-que-dit-vraiment\/#article","isPartOf":{"@id":"https:\/\/barbecuechef.fr\/blog\/actualites-et-evenements\/barbecue-interdit-7-massifs-du-var-fermes-ce-lundi-ce-que-dit-vraiment\/"},"author":{"name":"Julien Lefevre","@id":"https:\/\/barbecuechef.fr\/blog\/#\/schema\/person\/eb9cf7384d44000cc7d4d66625e3b732"},"headline":"Barbecue interdit ? 7 massifs du Var ferm\u00e9s ce lundi : ce que dit vraiment la loi cet \u00e9t\u00e9","datePublished":"2026-08-03T09:24:42+00:00","mainEntityOfPage":{"@id":"https:\/\/barbecuechef.fr\/blog\/actualites-et-evenements\/barbecue-interdit-7-massifs-du-var-fermes-ce-lundi-ce-que-dit-vraiment\/"},"wordCount":1281,"commentCount":0,"publisher":{"@id":"https:\/\/barbecuechef.fr\/blog\/#organization"},"image":{"@id":"https:\/\/barbecuechef.fr\/blog\/actualites-et-evenements\/barbecue-interdit-7-massifs-du-var-fermes-ce-lundi-ce-que-dit-vraiment\/#primaryimage"},"thumbnailUrl":"https:\/\/barbecuechef.fr\/blog\/wp-content\/uploads\/2026\/08\/pexels_barbecuechef_fr_8002_18299586-scaled.jpg","articleSection":["Actualit\u00e9s et \u00c9v\u00e9nements"],"inLanguage":"fr-FR","potentialAction":[{"@type":"CommentAction","name":"Comment","target":["https:\/\/barbecuechef.fr\/blog\/actualites-et-evenements\/barbecue-interdit-7-massifs-du-var-fermes-ce-lundi-ce-que-dit-vraiment\/#respond"]}]},{"@type":"WebPage","@id":"https:\/\/barbecuechef.fr\/blog\/actualites-et-evenements\/barbecue-interdit-7-massifs-du-var-fermes-ce-lundi-ce-que-dit-vraiment\/","url":"https:\/\/barbecuechef.fr\/blog\/actualites-et-evenements\/barbecue-interdit-7-massifs-du-var-fermes-ce-lundi-ce-que-dit-vraiment\/","name":"Barbecue interdit ? 7 massifs du Var ferm\u00e9s ce lundi : ce que dit vraiment la loi cet \u00e9t\u00e9","isPartOf":{"@id":"https:\/\/barbecuechef.fr\/blog\/#website"},"primaryImageOfPage":{"@id":"https:\/\/barbecuechef.fr\/blog\/actualites-et-evenements\/barbecue-interdit-7-massifs-du-var-fermes-ce-lundi-ce-que-dit-vraiment\/#primaryimage"},"image":{"@id":"https:\/\/barbecuechef.fr\/blog\/actualites-et-evenements\/barbecue-interdit-7-massifs-du-var-fermes-ce-lundi-ce-que-dit-vraiment\/#primaryimage"},"thumbnailUrl":"https:\/\/barbecuechef.fr\/blog\/wp-content\/uploads\/2026\/08\/pexels_barbecuechef_fr_8002_18299586-scaled.jpg","datePublished":"2026-08-03T09:24:42+00:00","description":"Sept massifs forestiers du Var sont ferm\u00e9s au public ce lundi 3 ao\u00fbt, le risque incendie \u00e9tant class\u00e9 \u00ab tr\u00e8s s\u00e9v\u00e8re \u00bb \u2014 et samedi, c'\u00e9tait la totalit\u00e9 des","inLanguage":"fr-FR","potentialAction":[{"@type":"ReadAction","target":["https:\/\/barbecuechef.fr\/blog\/actualites-et-evenements\/barbecue-interdit-7-massifs-du-var-fermes-ce-lundi-ce-que-dit-vraiment\/"]}]},{"@type":"ImageObject","inLanguage":"fr-FR","@id":"https:\/\/barbecuechef.fr\/blog\/actualites-et-evenements\/barbecue-interdit-7-massifs-du-var-fermes-ce-lundi-ce-que-dit-vraiment\/#primaryimage","url":"https:\/\/barbecuechef.fr\/blog\/wp-content\/uploads\/2026\/08\/pexels_barbecuechef_fr_8002_18299586-scaled.jpg","contentUrl":"https:\/\/barbecuechef.fr\/blog\/wp-content\/uploads\/2026\/08\/pexels_barbecuechef_fr_8002_18299586-scaled.jpg","width":1200,"height":750,"caption":"Close-up of glowing coals in a grill, highlighting the intense heat and vibrant colors."},{"@type":"WebSite","@id":"https:\/\/barbecuechef.fr\/blog\/#website","url":"https:\/\/barbecuechef.fr\/blog\/","name":"Barbecue Chef","description":"Barbecue Chef, l&#039;art du grill ma\u00eetris\u00e9","publisher":{"@id":"https:\/\/barbecuechef.fr\/blog\/#organization"},"alternateName":"Barbecue Chef, l'art du grill ma\u00eetris\u00e9","potentialAction":[{"@type":"SearchAction","target":{"@type":"EntryPoint","urlTemplate":"https:\/\/barbecuechef.fr\/blog\/?s={search_term_string}"},"query-input":{"@type":"PropertyValueSpecification","valueRequired":true,"valueName":"search_term_string"}}],"inLanguage":"fr-FR"},{"@type":"Organization","@id":"https:\/\/barbecuechef.fr\/blog\/#organization","name":"Barbecue Chef","alternateName":"Barbecue Chef Magazine","url":"https:\/\/barbecuechef.fr\/blog\/","logo":{"@type":"ImageObject","inLanguage":"fr-FR","@id":"https:\/\/barbecuechef.fr\/blog\/#\/schema\/logo\/image\/","url":"https:\/\/barbecuechef.fr\/blog\/wp-content\/uploads\/2024\/12\/22.png","contentUrl":"https:\/\/barbecuechef.fr\/blog\/wp-content\/uploads\/2024\/12\/22.png","width":500,"height":500,"caption":"Barbecue Chef"},"image":{"@id":"https:\/\/barbecuechef.fr\/blog\/#\/schema\/logo\/image\/"}},{"@type":"Person","@id":"https:\/\/barbecuechef.fr\/blog\/#\/schema\/person\/eb9cf7384d44000cc7d4d66625e3b732","name":"Julien Lefevre","image":{"@type":"ImageObject","inLanguage":"fr-FR","@id":"https:\/\/secure.gravatar.com\/avatar\/?s=96&d=mm&r=g","url":"https:\/\/secure.gravatar.com\/avatar\/?s=96&d=mm&r=g","contentUrl":"https:\/\/secure.gravatar.com\/avatar\/?s=96&d=mm&r=g","caption":"Julien Lefevre"},"description":"Julien Lef\u00e8vre est chef cuisinier sp\u00e9cialis\u00e9 dans la cuisine en plein air et passionn\u00e9 de barbecue depuis plus de 10 ans. Il partage ses recettes innovantes et ses astuces de cuisson sur barbecuechef.fr pour aider les amateurs \u00e0 ma\u00eetriser l'art du grill.","url":"https:\/\/barbecuechef.fr\/blog\/auteur\/julien-lefevre\/"}]}},"_links":{"self":[{"href":"https:\/\/barbecuechef.fr\/blog\/wp-json\/wp\/v2\/posts\/8002","targetHints":{"allow":["GET"]}}],"collection":[{"href":"https:\/\/barbecuechef.fr\/blog\/wp-json\/wp\/v2\/posts"}],"about":[{"href":"https:\/\/barbecuechef.fr\/blog\/wp-json\/wp\/v2\/types\/post"}],"author":[{"embeddable":true,"href":"https:\/\/barbecuechef.fr\/blog\/wp-json\/wp\/v2\/users\/39"}],"replies":[{"embeddable":true,"href":"https:\/\/barbecuechef.fr\/blog\/wp-json\/wp\/v2\/comments?post=8002"}],"version-history":[{"count":0,"href":"https:\/\/barbecuechef.fr\/blog\/wp-json\/wp\/v2\/posts\/8002\/revisions"}],"wp:featuredmedia":[{"embeddable":true,"href":"https:\/\/barbecuechef.fr\/blog\/wp-json\/wp\/v2\/media\/8003"}],"wp:attachment":[{"href":"https:\/\/barbecuechef.fr\/blog\/wp-json\/wp\/v2\/media?parent=8002"}],"wp:term":[{"taxonomy":"category","embeddable":true,"href":"https:\/\/barbecuechef.fr\/blog\/wp-json\/wp\/v2\/categories?post=8002"},{"taxonomy":"post_tag","embeddable":true,"href":"https:\/\/barbecuechef.fr\/blog\/wp-json\/wp\/v2\/tags?post=8002"}],"curies":[{"name":"wp","href":"https:\/\/api.w.org\/{rel}","templated":true}]}}